{"id":409,"date":"2015-02-26T12:00:03","date_gmt":"2015-02-26T12:00:03","guid":{"rendered":"http:\/\/udruga-lumen.hr\/?p=409"},"modified":"2021-07-14T10:48:41","modified_gmt":"2021-07-14T10:48:41","slug":"sazetak-o-provedbi-5-radionice-u-okvirima-gradanskog-obrazovanja-mladih","status":"publish","type":"post","link":"https:\/\/udruga-lumen.hr\/en\/sazetak-o-provedbi-5-radionice-u-okvirima-gradanskog-obrazovanja-mladih\/","title":{"rendered":"Sa\u017eetak o provedbi  5. radionice u okvirima  \u201e Gra\u0111anskog obrazovanja mladih\u201c"},"content":{"rendered":"<p><strong>Sa\u017eetak o provedbi\u00a0 5. radionice u okvirima\u00a0 \u201e Gra\u0111anskog obrazovanja mladih\u201c <\/strong><\/p>\n<p>&nbsp;<\/p>\n<p>14.02.2015. u prostorima POU &#8220;Dragutin Novak&#8221; u Ludbregu odr\u017eana je 5. po redu radionica na temu gra\u0111anskog obrazovanju mladih u okvirima projekta Mladi kao aktivni akteri. Jedna od \u00a0tematika koje je bila obra\u0111ena bio je komunikacijski trening, korisnicima je obja\u0161njeno \u0161to je komunikacija, kako pravilan na\u010din komuniciranja iskoristiti u\u00a0\u00a0 svakodnevnim situacijama te kako napraviti svoj vlastiti model komuniciranja, a sve u svrhu lak\u0161e artikulacije vlastitog mi\u0161ljenja,\u00a0 ideja, prijedloga i konstruktivne kritike.<\/p>\n<p>&nbsp;<\/p>\n<p><strong>Peta radionica <\/strong>je bila malo druga\u010dije koncipirana od ranije provedenih, jer su se u obzir uzele evaluacijske kritike mladih, odnosno korisnika samih radionica. Za potrebe projekta osmi\u0161ljen je evaluacijski listi\u0107 za radionice i tematska predavanja, preko kojeg su mladi mogli ocijeniti izvoditelja radionica te dati svoje prijedloge. Nakon u\u010denja o demokratskom procesu, pravima i obavezama, mlade je interesiralo kako pravilno artikulirati svoje ideje, koje su dosad razvili, kako predlo\u017eiti\u00a0\u00a0\u00a0\u00a0\u00a0\u00a0\u00a0\u00a0\u00a0\u00a0\u00a0\u00a0 odre\u0111ene aktivnosti te zanimalo ih je kako komunicirati s formalnim institucijama i akterima koji ih vode. S tim ciljem prevedena je 5. radionica, gdje se najve\u0107i naglasak stavio na definiranje koncepta komunikacije, \u0161to je ona, kako odre\u0111ene tehnike pravilno primjenjivati te kako komunicirati.<\/p>\n<p>U tu svrhu su korisnici morali odraditi nekoliko vje\u017ebi. Prva vje\u017eba koja je bila odra\u0111ena se odnosila na \u201crazbijanje leda\u201d, odnosno provedbu vje\u017ebe za opu\u0161tanje i povezivanje korisnika. Korisnici su morali bez rije\u010di ( samo pokretima i mimikom ) drugoj osobi u koloni objasniti jedan pojam, poput pe\u010denja pala\u010dinki, borila\u010dkih vje\u0161tina ili drugih stvari s kojima se\u00a0\u00a0 svakodnevno susre\u0107emo. Ideja koja stoji iza ovakvih vje\u017ebi je da postoji vi\u0161e vrsta komunikacije, da se ne komunicira samo rije\u010dima ve\u0107 i govorom tijela te da se razmi\u0161ljanje, poimanje situacija i pojmova razlikuje od osobe do osobe. Ova vje\u017eba nas je nasmijala ali smo kroz nju nau\u010dili ne\u0161to novo.<\/p>\n<p>&nbsp;<\/p>\n<p><strong>Druga vje\u017eba koju smo odradili se odnosila na upoznavanje korisnika o tome koliko postoji razli\u010ditost u mi\u0161ljenju, percepciji i artikulaciji pojedinca, mada se radi o sli\u010dnoj ili istoj stvari. <\/strong><\/p>\n<p>Vje\u017eba se odnosila da svaki sudionik odredi \u0161to vidi na fotografiji. Neki su vidjeli brojku 6, neki brojku 9, neki\u00a0\u00a0\u00a0\u00a0 balon, neki predmet, neki pojave. Poanta je da je svatko vidio ne\u0161to druga\u010dije,\u00a0 \u0161to samo pokazuje koliko smo kao pojedinci razli\u010diti, kako svatko od nas druga\u010dije razmi\u0161lja te kako su kod svake osobe vrijednosti i vrijednosni sustav druga\u010dije oblikovani uslijedom odgoja,\u00a0 obrazovanja, internog ili eksternog\u00a0 utjecaja.<\/p>\n<p>Zaklju\u010dak ove vje\u017ebe je bio da pojedinac razmi\u0161lja na njemu svojstven na\u010din te da svatko od nas iste stvari do\u017eivljava\u00a0 druga\u010dije \u0161to je prema zaklju\u010dku korisnika ( banalno izra\u017eeno) sasvim u redu i prihvatljivo. Prilikom odra\u0111ivanja ove vje\u017ebe ustanovili smo da smo se iznenadili koliko razli\u010ditih odgovora smo dobili i koliko ih mo\u017eemo dobiti u slu\u010daju da smo uklju\u010dili jo\u0161 ve\u0107i broj korisnika.<\/p>\n<p>Tre\u0107a vje\u017eba je bila spoj usvojenog teorijskog znanja i primjena nau\u010denog u praksi. Korisnici su kroz vlastitu ideju razvili i objasnili svoj model komunikacije koji se sastojao od slijede\u0107ih stavki:<\/p>\n<ol>\n<li>Poruka<\/li>\n<li>Po\u0161iljatelj<\/li>\n<li>Buka \/ smetnje<\/li>\n<li>Primatelj<\/li>\n<li>Povratna informacija<\/li>\n<\/ol>\n<p>Zanimljivo je da je svaka grupa izradila svoj model komunikacije s razli\u010ditim redoslijedom navedenih stavki, mada se najproblemati\u010dniji dio razrade odnosio na smje\u0161tanje buke ili smetnji u komunikacijskom modelu.<\/p>","protected":false},"excerpt":{"rendered":"<p>Sa\u017eetak o provedbi\u00a0 5. radionice u okvirima\u00a0 \u201e Gra\u0111anskog obrazovanja mladih\u201c &nbsp; 14.02.2015. u prostorima POU &#8220;Dragutin Novak&#8221; u Ludbregu odr\u017eana je 5. po redu radionica na temu gra\u0111anskog obrazovanju mladih u okvirima projekta Mladi kao aktivni akteri. Jedna od \u00a0tematika koje je bila obra\u0111ena bio je komunikacijski trening, korisnicima je obja\u0161njeno \u0161to je komunikacija, kako pravilan na\u010din komuniciranja iskoristiti [&hellip;]<\/p>\n","protected":false},"author":1,"featured_media":0,"comment_status":"closed","ping_status":"open","sticky":false,"template":"","format":"standard","meta":{"footnotes":""},"categories":[1],"tags":[],"class_list":["post-409","post","type-post","status-publish","format-standard","hentry","category-nekategorizirano"],"_links":{"self":[{"href":"https:\/\/udruga-lumen.hr\/en\/wp-json\/wp\/v2\/posts\/409","targetHints":{"allow":["GET"]}}],"collection":[{"href":"https:\/\/udruga-lumen.hr\/en\/wp-json\/wp\/v2\/posts"}],"about":[{"href":"https:\/\/udruga-lumen.hr\/en\/wp-json\/wp\/v2\/types\/post"}],"author":[{"embeddable":true,"href":"https:\/\/udruga-lumen.hr\/en\/wp-json\/wp\/v2\/users\/1"}],"replies":[{"embeddable":true,"href":"https:\/\/udruga-lumen.hr\/en\/wp-json\/wp\/v2\/comments?post=409"}],"version-history":[{"count":1,"href":"https:\/\/udruga-lumen.hr\/en\/wp-json\/wp\/v2\/posts\/409\/revisions"}],"predecessor-version":[{"id":410,"href":"https:\/\/udruga-lumen.hr\/en\/wp-json\/wp\/v2\/posts\/409\/revisions\/410"}],"wp:attachment":[{"href":"https:\/\/udruga-lumen.hr\/en\/wp-json\/wp\/v2\/media?parent=409"}],"wp:term":[{"taxonomy":"category","embeddable":true,"href":"https:\/\/udruga-lumen.hr\/en\/wp-json\/wp\/v2\/categories?post=409"},{"taxonomy":"post_tag","embeddable":true,"href":"https:\/\/udruga-lumen.hr\/en\/wp-json\/wp\/v2\/tags?post=409"}],"curies":[{"name":"wp","href":"https:\/\/api.w.org\/{rel}","templated":true}]}}