{"id":411,"date":"2015-03-12T12:05:06","date_gmt":"2015-03-12T12:05:06","guid":{"rendered":"http:\/\/udruga-lumen.hr\/?p=411"},"modified":"2021-07-14T10:48:41","modified_gmt":"2021-07-14T10:48:41","slug":"sazetak-o-provedbi-6-radionice-u-okvirima-gradanskog-obrazovanja-mladih","status":"publish","type":"post","link":"https:\/\/udruga-lumen.hr\/en\/sazetak-o-provedbi-6-radionice-u-okvirima-gradanskog-obrazovanja-mladih\/","title":{"rendered":"Sa\u017eetak o provedbi  6. radionice u okvirima  \u201e Gra\u0111anskog obrazovanja mladih\u201c"},"content":{"rendered":"<p><strong>Sa\u017eetak o provedbi\u00a0 6. radionice u okvirima\u00a0 \u201e Gra\u0111anskog obrazovanja mladih\u201c <\/strong><\/p>\n<p>&nbsp;<\/p>\n<ol start=\"21\">\n<li>2. 2015. odr\u017eana je 6. po redu radionica &#8220;Gra\u0111anskog obrazovanja mladih&#8221; na podru\u010dju Grada Ludbrega. Tematika koja je bila obra\u0111ivana se odnosila na va\u017enost emocionalne inteligencije u svakodnevnom \u017eivotu, metodici opho\u0111enja s drugim ljudima te va\u017enosti ove vrste inteligencije za\u00a0 ostvarivanje uspjeha u \u017eivotu, bilo da se radi o dru\u0161tvenom ili poslovnom uspjehu ili da se radi o uspjehu na nekom drugom polju koje je pojedincu relevantno.<\/li>\n<\/ol>\n<p>Emocionalna inteligencija je po definiciji sposobnost prepoznavanja, shva\u0107anja i upravljanja vlastitim i tu\u0111im emocijama. Ovaj pojam se fokusira na ulogu osje\u0107anja u na\u0161em svakodnevnom \u017eivotu, na\u010din na koji one utje\u010du na na\u0161e pona\u0161anje te\u00a0 kako ih mo\u017eemo upotrijebiti u svakodnevnom okru\u017eenju, bilo da se radi o poslovnim ili privatnim prilikama. Koncept EQ pojavio se 1990. godine kada su ameri\u010dki psiholozi John Mayer i Peter Salovey objavili tekst pod nazivom Emocionalna inteligencija i postavili teoriju EQ, nagla\u0161avaju\u0107i da na snala\u017eenje pojedinca u raznim, \u010desto svakida\u0161njim situacijama s kojima se susre\u0107emo vi\u0161e utjecaja imaju osobine i emocije, nego sam mehani\u010dki intelekt, ergo IQ. Svjetsku afirmaciju EQ je do\u017eivio 1995. godine kad je Daniel Goleman objavio svoj bestseller s istim naslovom i iznio svoju definiciju: \u201c<em>EQ je skup emocionalnih vje\u0161tina koje nam omogu\u0107avaju da odaberemo ispravan na\u010din upotrebe osje\u0107aja i nesvjesnih, instinktivnih mehanizama u interakciji sa drugim ljudima, kao i u shva\u0107anju i pobolj\u0161anju samoga sebe<\/em>\u201d. Emocionalna inteligencija (EQ) predstavlja sposobnost i vje\u0161tinu uo\u010davanja, prepoznavanja i \u201cupravljanja\u201d vlastitim i tu\u0111im emocijama.\u00a0 Koeficijent emocionalne inteligencije (EQ) predstavlja nadogradnju racionalnog koeficijenta inteligencije jer nagla\u0161ava karakteristike na\u0161e emocionalne inteligencije, kao \u0161to su npr. sposobnost &#8220;\u010ditanja&#8221; tu\u0111ih emocija i kontroliranje inih u skladu s tim. EQ\u00a0 nam uvelike poma\u017ee u rje\u0161avanju svakida\u0161njih problema, brzo i efikasno rje\u0161avanje napetih ili konfliktnih situacija te brzo obavljanje poslovnih zadataka.<\/p>\n<p>Nakon odr\u017eane radionice, korisnike se poticalo da verbaliziraju svoje dojmove ili da ih zapi\u0161u te da ispune evaluacijske listi\u0107e. Nakon 6 radionice kori\u0161tena je metodika zapisivanja dojmova te utisaka s radionice, tako da Vam u\u00a0 nastavku\u00a0\u00a0\u00a0 donosimo neke od dojmova i novih saznanja koje su korisnici nau\u010dili:<\/p>\n<ul>\n<li>Ja sam odre\u0111ujem razinu sigurnosti koja mi je potrebna<\/li>\n<li>Svaki problem ima svoje rje\u0161enje<\/li>\n<li>Sva\u010dije mi\u0161ljenje je bitno<\/li>\n<li>Sad znam kako da pristupim odre\u0111enim situacijama<\/li>\n<li>Nau\u010dio sam kako da gledam na stvari s vi\u0161e perspektiva<\/li>\n<li>Nau\u010dio sam kako adrenalin djeluje na ljude<\/li>\n<li>Razumijem razliku izme\u0111u IQ-a i EQ-a<\/li>\n<li>Optimizam je ne\u0161to \u010demu treba te\u017eiti u dru\u0161tvu<\/li>\n<li>Odlazim s novim spoznajama o \u201ereflektiranju\u201c ( preslikavanju vlastitih emocija, te\u017enji i potreba na druge ljude)<\/li>\n<li>Odlazim s znanjem kako graditi svoje samopouzdanje<\/li>\n<li>Odlazim s \u017eeljom da u\u010dinim ne\u0161to za sebe i druge, da se vi\u0161e trudim oko svojih ciljeva<\/li>\n<\/ul>\n<p>&nbsp;<\/p>\n<p>Prema podacima iz evaluacijskih listi\u0107a, korisnici su kao glavne motive sudjelovanja naveli te\u017enju za razvojem osobnih sposobnosti, kompetencija i znanja, da se educiraju i da kroz ovakve oblike pristupa dodatno razviju vlastite\u00a0 sposobnosti na polju koje nije dovoljno prepoznato u dru\u0161tvu i poslovnoj okolini.\u00a0A kako je tematika 6. po redu radionice bila\u00a0\u00a0\u00a0\u00a0\u00a0\u00a0\u00a0\u00a0\u00a0\u00a0\u00a0\u00a0\u00a0 emocionalna inteligencija, pojam s kojim se ne susre\u0107emo previ\u0161e \u010desto a nadasve je bitan u izgradnji na\u0161eg odnosa s\u00a0\u00a0 okolinom i pojedincima koji nas okru\u017euju, korisnici su tako\u0111er nau\u010dili da je emocionalna inteligencija onaj segment koji izuzetno pridonosi na\u0161em osobnom, poslovnom i dru\u0161tvenom razvoju te je kao takav neizostavan u educiranju mladih, starijih a i svih ostalih \u010dlanova na\u0161eg dru\u0161tva.<\/p>","protected":false},"excerpt":{"rendered":"<p>Sa\u017eetak o provedbi\u00a0 6. radionice u okvirima\u00a0 \u201e Gra\u0111anskog obrazovanja mladih\u201c &nbsp; 2. 2015. odr\u017eana je 6. po redu radionica &#8220;Gra\u0111anskog obrazovanja mladih&#8221; na podru\u010dju Grada Ludbrega. Tematika koja je bila obra\u0111ivana se odnosila na va\u017enost emocionalne inteligencije u svakodnevnom \u017eivotu, metodici opho\u0111enja s drugim ljudima te va\u017enosti ove vrste inteligencije za\u00a0 ostvarivanje uspjeha u \u017eivotu, bilo da se radi [&hellip;]<\/p>\n","protected":false},"author":1,"featured_media":0,"comment_status":"closed","ping_status":"open","sticky":false,"template":"","format":"standard","meta":{"footnotes":""},"categories":[1],"tags":[],"class_list":["post-411","post","type-post","status-publish","format-standard","hentry","category-nekategorizirano"],"_links":{"self":[{"href":"https:\/\/udruga-lumen.hr\/en\/wp-json\/wp\/v2\/posts\/411","targetHints":{"allow":["GET"]}}],"collection":[{"href":"https:\/\/udruga-lumen.hr\/en\/wp-json\/wp\/v2\/posts"}],"about":[{"href":"https:\/\/udruga-lumen.hr\/en\/wp-json\/wp\/v2\/types\/post"}],"author":[{"embeddable":true,"href":"https:\/\/udruga-lumen.hr\/en\/wp-json\/wp\/v2\/users\/1"}],"replies":[{"embeddable":true,"href":"https:\/\/udruga-lumen.hr\/en\/wp-json\/wp\/v2\/comments?post=411"}],"version-history":[{"count":1,"href":"https:\/\/udruga-lumen.hr\/en\/wp-json\/wp\/v2\/posts\/411\/revisions"}],"predecessor-version":[{"id":412,"href":"https:\/\/udruga-lumen.hr\/en\/wp-json\/wp\/v2\/posts\/411\/revisions\/412"}],"wp:attachment":[{"href":"https:\/\/udruga-lumen.hr\/en\/wp-json\/wp\/v2\/media?parent=411"}],"wp:term":[{"taxonomy":"category","embeddable":true,"href":"https:\/\/udruga-lumen.hr\/en\/wp-json\/wp\/v2\/categories?post=411"},{"taxonomy":"post_tag","embeddable":true,"href":"https:\/\/udruga-lumen.hr\/en\/wp-json\/wp\/v2\/tags?post=411"}],"curies":[{"name":"wp","href":"https:\/\/api.w.org\/{rel}","templated":true}]}}