{"id":417,"date":"2015-04-08T13:21:36","date_gmt":"2015-04-08T13:21:36","guid":{"rendered":"http:\/\/udruga-lumen.hr\/?p=417"},"modified":"2021-07-14T10:48:41","modified_gmt":"2021-07-14T10:48:41","slug":"sazetak-o-provedbi-8-radionice-u-okvirima-gradanskog-obrazovanja-mladih","status":"publish","type":"post","link":"https:\/\/udruga-lumen.hr\/en\/sazetak-o-provedbi-8-radionice-u-okvirima-gradanskog-obrazovanja-mladih\/","title":{"rendered":"Sa\u017eetak o provedbi  8. radionice u okvirima  \u201e Gra\u0111anskog obrazovanja mladih\u201c"},"content":{"rendered":"<p><strong>Sa\u017eetak o provedbi\u00a0 8. radionice u okvirima\u00a0 \u201e Gra\u0111anskog obrazovanja mladih\u201c <\/strong><\/p>\n<p>&nbsp;<\/p>\n<p>8. radionica je bila odr\u017eana s namjerom da se mladima \u00a0pribli\u017ee odre\u0111ene stavke koje su\u00a0\u00a0\u00a0\u00a0\u00a0\u00a0\u00a0\u00a0\u00a0\u00a0\u00a0\u00a0\u00a0\u00a0\u00a0\u00a0\u00a0\u00a0 relevantne za pisanje projekata,\u00a0 od analize dionika, razrade problematike, izrade stabla\u00a0\u00a0\u00a0\u00a0\u00a0\u00a0\u00a0\u00a0\u00a0\u00a0\u00a0\u00a0 problema do izrade pozitivnih\u00a0\u00a0\u00a0 preslika negativnog stanja, tj. stabla ciljeva a sve u svrhu u\u010denja\u00a0\u00a0\u00a0\u00a0\u00a0\u00a0\u00a0\u00a0\u00a0\u00a0\u00a0\u00a0 pristupa koji omogu\u0107ava implementaciju ideja i inicijativa. Preko ovakvog pristupa koji je sistemati\u010dan i analiti\u010dan, mladima se poku\u0161ala pribli\u017eiti metodika rje\u0161avanja problema te\u00a0\u00a0\u00a0\u00a0\u00a0\u00a0\u00a0\u00a0\u00a0\u00a0\u00a0\u00a0\u00a0\u00a0\u00a0\u00a0\u00a0\u00a0\u00a0\u00a0\u00a0 konstruktivan na\u010din razrade ideja.<\/p>\n<p>&nbsp;<\/p>\n<p>Koliko je bitno djelovanje za mlade? Koliko su bitni razra\u0111eni i strukturirani programi koji mlade usmjeravaju, u\u010de i\u00a0 skre\u0107u im pa\u017enju na relevantne stvari u dru\u0161tvu? Odgovor je, izuzetno su bitni.<\/p>\n<p>Jedan od na\u010dina kako mlade potaknuti je odr\u017eavanje tematskih radionica preko metodike koja je njima bliska, tj. u\u00a0 neformalnom okru\u017eenju s neformalnim\u00a0 pristupom. U okvirima 8. radionice mladima se poku\u0161ao pribli\u017eiti novi pristup u rje\u0161avanju problema, pristup koji je sistematiziran, strukturiran, analiti\u010dan i koji je direktno usmjeren na rje\u0161avanje\u00a0 problema na temelju sveobuhvatnog pristupa, a to je PCM. Kroz rad na radionici, korisnici su se upoznali s po\u010detnim\u00a0\u00a0 alatima u razradi problematike i po\u010detnog stanja, analiziranju klju\u010dnih osoba, institucija, organizacija te ostalih\u00a0 relevantnih dionika koji mogu pomo\u0107i ili utjecati na rje\u0161avanje problema s kojom se susre\u0107emo. Mladi su nau\u010dili na koji na\u010din napraviti analizu dionika, \u0161to su to ciljane\u00a0 skupine te kako navedene aktere strate\u0161ki i hijerarhijski rasporediti kroz matricu klju\u010dnih dionika. Druga stavka na koju smo se fokusirali je bila razrada problematike, pristup problemu te koja pitanja se moraju postaviti da bi projektni prijedlog pridonio rje\u0161avanju prepoznatih problema i potreba podru\u010dja u\u00a0 kojemu \u0107e se provoditi te kako je bitno da se projektni prijedlog uklapa u ciljeve i prioritete. Mladi su nau\u010dili da se na temelju analize po\u010detnog stanja, razgovora i konzultacija s klju\u010dnim dionicima, utvr\u0111uje problematika koja se hijerarhijski strukturira. Slijede\u0107a stavka je bila izrada problemskog stabla s obja\u0161njenjem o korelaciji s hijerarhijski poredanim ciljevima te potencijalnim aktivnostima.\u00a0 Mladi su nau\u010dili da analiza problema\u00a0 i problemsko stablo trebaju odgovoriti na pitanja na koji na\u010din projektni prijedlog pridonosi rje\u0161avanju problema koji su u zajednici prepoznati. Slijede\u0107i korak na koji smo se fokusirali se odnosio na pozitivnu projekciju utvr\u0111enih negativnih aspekata, tj. na izradu stabla ciljeva.<\/p>\n<p>Cijela konstrukcija radionice je bila zavr\u0161ena izradom prakti\u010dnog primjera prepoznavanja i rje\u0161avanja odre\u0111enog\u00a0 problema u zajednici. Korisnici su se odlu\u010dili za rje\u0161avanje problema nezaposlenosti mladih, preko rje\u0161avanja navedenog problema kroz razvoj specijaliziranih vje\u0161tina i kompetencija koje su potrebne na tr\u017ei\u0161tu rada, poput poduzetni\u010dkih vje\u0161tina, umre\u017eavanja s poslodavcima, stvaranjem potporne mre\u017ee dionika koja \u0107e olak\u0161avati tranziciju mladih iz\u00a0 obrazovnog sustava na tr\u017ei\u0161te rada.<\/p>\n<p>&nbsp;<\/p>\n<p>&nbsp;<\/p>\n<p>&nbsp;<\/p>\n<p>&nbsp;<\/p>","protected":false},"excerpt":{"rendered":"<p>Sa\u017eetak o provedbi\u00a0 8. radionice u okvirima\u00a0 \u201e Gra\u0111anskog obrazovanja mladih\u201c &nbsp; 8. radionica je bila odr\u017eana s namjerom da se mladima \u00a0pribli\u017ee odre\u0111ene stavke koje su\u00a0\u00a0\u00a0\u00a0\u00a0\u00a0\u00a0\u00a0\u00a0\u00a0\u00a0\u00a0\u00a0\u00a0\u00a0\u00a0\u00a0\u00a0 relevantne za pisanje projekata,\u00a0 od analize dionika, razrade problematike, izrade stabla\u00a0\u00a0\u00a0\u00a0\u00a0\u00a0\u00a0\u00a0\u00a0\u00a0\u00a0\u00a0 problema do izrade pozitivnih\u00a0\u00a0\u00a0 preslika negativnog stanja, tj. stabla ciljeva a sve u svrhu u\u010denja\u00a0\u00a0\u00a0\u00a0\u00a0\u00a0\u00a0\u00a0\u00a0\u00a0\u00a0\u00a0 pristupa koji omogu\u0107ava implementaciju ideja i inicijativa. [&hellip;]<\/p>\n","protected":false},"author":1,"featured_media":0,"comment_status":"closed","ping_status":"open","sticky":false,"template":"","format":"standard","meta":{"footnotes":""},"categories":[1],"tags":[],"class_list":["post-417","post","type-post","status-publish","format-standard","hentry","category-nekategorizirano"],"_links":{"self":[{"href":"https:\/\/udruga-lumen.hr\/en\/wp-json\/wp\/v2\/posts\/417","targetHints":{"allow":["GET"]}}],"collection":[{"href":"https:\/\/udruga-lumen.hr\/en\/wp-json\/wp\/v2\/posts"}],"about":[{"href":"https:\/\/udruga-lumen.hr\/en\/wp-json\/wp\/v2\/types\/post"}],"author":[{"embeddable":true,"href":"https:\/\/udruga-lumen.hr\/en\/wp-json\/wp\/v2\/users\/1"}],"replies":[{"embeddable":true,"href":"https:\/\/udruga-lumen.hr\/en\/wp-json\/wp\/v2\/comments?post=417"}],"version-history":[{"count":1,"href":"https:\/\/udruga-lumen.hr\/en\/wp-json\/wp\/v2\/posts\/417\/revisions"}],"predecessor-version":[{"id":418,"href":"https:\/\/udruga-lumen.hr\/en\/wp-json\/wp\/v2\/posts\/417\/revisions\/418"}],"wp:attachment":[{"href":"https:\/\/udruga-lumen.hr\/en\/wp-json\/wp\/v2\/media?parent=417"}],"wp:term":[{"taxonomy":"category","embeddable":true,"href":"https:\/\/udruga-lumen.hr\/en\/wp-json\/wp\/v2\/categories?post=417"},{"taxonomy":"post_tag","embeddable":true,"href":"https:\/\/udruga-lumen.hr\/en\/wp-json\/wp\/v2\/tags?post=417"}],"curies":[{"name":"wp","href":"https:\/\/api.w.org\/{rel}","templated":true}]}}